{"id":119,"date":"2024-09-12T15:24:50","date_gmt":"2024-09-12T13:24:50","guid":{"rendered":"https:\/\/middleearthvault.com\/?p=119"},"modified":"2025-01-09T13:43:11","modified_gmt":"2025-01-09T12:43:11","slug":"elfy","status":"publish","type":"post","link":"https:\/\/middleearthvault.com\/?p=119","title":{"rendered":"Elfy"},"content":{"rendered":"\n<div class=\"wp-block-media-text is-stacked-on-mobile\"><figure class=\"wp-block-media-text__media\"><img fetchpriority=\"high\" decoding=\"async\" width=\"996\" height=\"646\" src=\"https:\/\/middleearthvault.com\/wp-content\/uploads\/2024\/09\/Elves_leaving_Middle-earth.webp\" alt=\"\" class=\"wp-image-256 size-full\" srcset=\"https:\/\/middleearthvault.com\/wp-content\/uploads\/2024\/09\/Elves_leaving_Middle-earth.webp 996w, https:\/\/middleearthvault.com\/wp-content\/uploads\/2024\/09\/Elves_leaving_Middle-earth-300x195.webp 300w, https:\/\/middleearthvault.com\/wp-content\/uploads\/2024\/09\/Elves_leaving_Middle-earth-768x498.webp 768w\" sizes=\"(max-width: 996px) 100vw, 996px\" \/><\/figure><div class=\"wp-block-media-text__content\">\n<p class=\"wp-block-paragraph\">Elfy: kadr z filmowej trylogi &#8222;W\u0142adca Pier\u015bcieni&#8221; re\u017c.Peter Jackson<\/p>\n<\/div><\/div>\n\n\n\n<p class=\"wp-block-paragraph\">Elfy to jedne z najwa\u017cniejszych i najbardziej fascynuj\u0105cych ras \u015ar\u00f3dziemia, stworzone przez <strong>Eru Il\u00favatara<\/strong>, najwy\u017csz\u0105 istot\u0119 w mitologii J.R.R. Tolkiena. Nazywane s\u0105 tak\u017ce <strong>Pierworodnymi<\/strong> (Quendi) ze wzgl\u0119du na fakt, \u017ce by\u0142y pierwsz\u0105 rozumn\u0105 ras\u0105, kt\u00f3ra pojawi\u0142a si\u0119 na \u015bwiecie. Maj\u0105 d\u0142ug\u0105 i z\u0142o\u017con\u0105 histori\u0119, od narodzin w <strong>Cuivi\u00e9nen<\/strong> a\u017c po ich wp\u0142yw na wydarzenia w <strong>Trzeciej Erze<\/strong>. W przeciwie\u0144stwie do ludzi, elfy s\u0105 nie\u015bmiertelne \u2013 mog\u0105 umrze\u0107 w wyniku ran lub smutku, ale nie starzej\u0105 si\u0119, co sprawia, \u017ce s\u0105 niezwykle majestatycznymi, pot\u0119\u017cnymi i tajemniczymi istotami.<\/p>\n\n\n\n<h3 class=\"wp-block-heading\">Pocz\u0105tki Elf\u00f3w<\/h3>\n\n\n\n<p class=\"wp-block-paragraph\">Elfy powsta\u0142y na pocz\u0105tku <strong>Pierwszej Ery<\/strong>, zanim S\u0142o\u0144ce i Ksi\u0119\u017cyc o\u015bwietli\u0142y \u015ar\u00f3dziemie. Obudzi\u0142y si\u0119 nad brzegiem jeziora <strong>Cuivi\u00e9nen<\/strong>, gdzie widzia\u0142y gwiazdy roz\u015bwietlaj\u0105ce niebo \u2013 to wyja\u015bnia ich g\u0142\u0119boki zwi\u0105zek z gwiazdami, kt\u00f3re s\u0105 symbolem pi\u0119kna i boskiej m\u0105dro\u015bci. Po przebudzeniu, elfy by\u0142y przez d\u0142ugi czas nie\u015bwiadome istnienia innych ras i \u015bwiat\u00f3w poza \u015ar\u00f3dziemiem.<\/p>\n\n\n\n<p class=\"wp-block-paragraph\">Wkr\u00f3tce jednak ich istnienie zosta\u0142o odkryte przez Valar\u00f3w, pot\u0119\u017cne istoty, kt\u00f3re by\u0142y odpowiedzialne za kszta\u0142towanie \u015bwiata. Valarowie zaprosili elfy, aby zamieszka\u0142y z nimi w krainie <strong>Valinor<\/strong> w <strong>Amanie<\/strong> \u2013 krainie wiecznego blasku. Cz\u0119\u015b\u0107 elf\u00f3w odpowiedzia\u0142a na to wezwanie i uda\u0142a si\u0119 na zach\u00f3d, podczas gdy inne pozosta\u0142y w \u015ar\u00f3dziemiu. Te wydarzenia podzieli\u0142y elfy na r\u00f3\u017cne grupy, kt\u00f3re mia\u0142y wp\u0142yw na ca\u0142\u0105 ich p\u00f3\u017aniejsz\u0105 histori\u0119.<\/p>\n\n\n\n<h3 class=\"wp-block-heading\">Rodzaje Elf\u00f3w<\/h3>\n\n\n\n<p class=\"wp-block-paragraph\">Elfy s\u0105 podzielone na r\u00f3\u017cne grupy, w zale\u017cno\u015bci od ich wybor\u00f3w i podr\u00f3\u017cy, kt\u00f3re odby\u0142y w przesz\u0142o\u015bci. Najwa\u017cniejsze grupy to:<\/p>\n\n\n\n<ol class=\"wp-block-list\">\n<li><strong>Calaquendi<\/strong> \u2013 zwane tak\u017ce <strong>Elfami \u015awiat\u0142a<\/strong>, to te, kt\u00f3re wyruszy\u0142y na zach\u00f3d i widzia\u0142y \u015bwiat\u0142o <strong>Dw\u00f3ch Drzew Valinoru<\/strong>. Do tej grupy nale\u017c\u0105:\n<ul class=\"wp-block-list\">\n<li><strong>Vanyarowie<\/strong> \u2013 elfy najbli\u017csze Valarom, mieszkaj\u0105ce w Valinorze.<\/li>\n\n\n\n<li><strong>Noldorowie<\/strong> \u2013 elfy s\u0142yn\u0105ce z rzemios\u0142a i nauki. Najbardziej znani przedstawiciele to <strong>F\u00ebanor<\/strong> oraz <strong>Galadriela<\/strong>.<\/li>\n\n\n\n<li><strong>Teleri<\/strong> \u2013 elfowie morza, kt\u00f3rzy zostali w Amanie lub wr\u00f3cili do \u015ar\u00f3dziemia jako marynarze.<\/li>\n<\/ul>\n<\/li>\n\n\n\n<li><strong>Moriquendi<\/strong> \u2013 elfy, kt\u00f3re nie wyruszy\u0142y na zach\u00f3d lub nie dotar\u0142y do Valinoru. Nie widzia\u0142y \u015bwiat\u0142a Dw\u00f3ch Drzew, dlatego s\u0105 nazywane Elfami Ciemno\u015bci. W tej grupie wyr\u00f3\u017cniaj\u0105 si\u0119:\n<ul class=\"wp-block-list\">\n<li><strong>Sindarowie<\/strong> \u2013 elfy, kt\u00f3re osiedli\u0142y si\u0119 w Beleriandzie pod wodz\u0105 <strong>Thingola<\/strong>, w\u0142adcy Doriathu.<\/li>\n\n\n\n<li><strong>Silvanowie<\/strong> \u2013 elfy le\u015bne, \u017cyj\u0105ce g\u0142\u00f3wnie w Mrocznej Puszczy i Lothl\u00f3rien. S\u0105 bardziej prymitywne w por\u00f3wnaniu do Noldor\u00f3w i Vanyar\u00f3w, ale maj\u0105 g\u0142\u0119boki zwi\u0105zek z natur\u0105.<\/li>\n<\/ul>\n<\/li>\n<\/ol>\n\n\n\n<h3 class=\"wp-block-heading\">Charakterystyka Elf\u00f3w<\/h3>\n\n\n\n<p class=\"wp-block-paragraph\">Elfy wyr\u00f3\u017cniaj\u0105 si\u0119 kilkoma cechami, kt\u00f3re czyni\u0105 je unikalnymi w por\u00f3wnaniu do innych ras \u015ar\u00f3dziemia:<\/p>\n\n\n\n<h4 class=\"wp-block-heading\">1. <strong>Nie\u015bmiertelno\u015b\u0107<\/strong><\/h4>\n\n\n\n<p class=\"wp-block-paragraph\">Elfy s\u0105 nie\u015bmiertelne, co oznacza, \u017ce ich \u017cycie trwa tak d\u0142ugo, jak istnieje \u015bwiat. Mog\u0105 umrze\u0107 od ran zadanych w bitwie lub na skutek smutku, ale ich dusze zawsze wracaj\u0105 do <strong>Mandosu<\/strong> (kr\u00f3lestwa umar\u0142ych w Valinorze), gdzie mog\u0105 zosta\u0107 przywr\u00f3cone do \u017cycia. Nie s\u0105 jednak podatne na choroby ani starzenie si\u0119, co sprawia, \u017ce wygl\u0105daj\u0105 zawsze m\u0142odo, niezale\u017cnie od ich wieku.<\/p>\n\n\n\n<h4 class=\"wp-block-heading\">2. <strong>Fizyczna Doskona\u0142o\u015b\u0107<\/strong><\/h4>\n\n\n\n<p class=\"wp-block-paragraph\">Elfy maj\u0105 niezwyk\u0142\u0105 urod\u0119, kt\u00f3ra promieniuje naturaln\u0105 elegancj\u0105 i majestatem. Ich sylwetki s\u0105 smuk\u0142e, a twarze pi\u0119kne i harmonijne, nosz\u0105 d\u0142ugie w\u0142osy. Maj\u0105 niezwykle bystry wzrok i s\u0142uch, a ich ruchy s\u0105 p\u0142ynne i pe\u0142ne gracji. Elfy s\u0105 tak\u017ce wyj\u0105tkowo silne i szybkie, co czyni je \u015bwietnymi wojownikami i \u0142ucznikami.<\/p>\n\n\n\n<h4 class=\"wp-block-heading\">3. <strong>Zwi\u0105zek z Natur\u0105<\/strong><\/h4>\n\n\n\n<p class=\"wp-block-paragraph\">Elfy maj\u0105 g\u0142\u0119boki zwi\u0105zek z natur\u0105, zw\u0142aszcza z lasami, rzekami i zwierz\u0119tami. Ich zdolno\u015bci w dziedzinie ochrony \u015brodowiska i harmonii z przyrod\u0105 s\u0105 legendarne. Potrafi\u0105 porozumiewa\u0107 si\u0119 z ro\u015blinami i zwierz\u0119tami na poziomie intuicyjnym, a ich dzia\u0142ania w przyrodzie nigdy jej nie niszcz\u0105. Elfy tworz\u0105 swoje osady w spos\u00f3b, kt\u00f3ry integruje si\u0119 z otoczeniem, zamiast je zmienia\u0107.<\/p>\n\n\n\n<h4 class=\"wp-block-heading\">4. <strong>Rzemios\u0142o i Sztuka<\/strong><\/h4>\n\n\n\n<p class=\"wp-block-paragraph\">Elfy, zw\u0142aszcza Noldorowie, s\u0105 mistrzami w sztuce i rzemio\u015ble. S\u0105 tw\u00f3rcami pi\u0119knych przedmiot\u00f3w, kt\u00f3re cz\u0119sto maj\u0105 magiczne w\u0142a\u015bciwo\u015bci. Najbardziej znanym przyk\u0142adem elfiego rzemios\u0142a jest stworzenie <strong>Silmaril\u00f3w<\/strong> przez <strong>F\u00ebanora<\/strong> oraz <strong>Pier\u015bcieni W\u0142adzy<\/strong>, kt\u00f3re zosta\u0142y wykute przez elfich kowali pod okiem <strong>Saurona<\/strong>. Elfy tworz\u0105 tak\u017ce przepi\u0119kne pie\u015bni i poezj\u0119, a ich literatura jest pe\u0142na staro\u017cytnych m\u0105dro\u015bci.<\/p>\n\n\n\n<h4 class=\"wp-block-heading\">5. <strong>M\u0105dro\u015b\u0107 i Wiedza<\/strong><\/h4>\n\n\n\n<p class=\"wp-block-paragraph\">Jako nie\u015bmiertelne istoty, elfy zdoby\u0142y ogromn\u0105 wiedz\u0119 i m\u0105dro\u015b\u0107. S\u0105 mistrzami w filozofii, astronomii, historii, a tak\u017ce w sztuce wojennej. Ich wiek pozwala im przechowywa\u0107 staro\u017cytne wspomnienia i umiej\u0119tno\u015bci, kt\u00f3re dla innych ras mog\u0105 by\u0107 niedost\u0119pne. Noldorowie w szczeg\u00f3lno\u015bci wyr\u00f3\u017cniali si\u0119 w naukach tajemnych oraz technicznych, takich jak magia, rzemios\u0142o, a nawet polityka.<\/p>\n\n\n\n<h3 class=\"wp-block-heading\">Rola Elf\u00f3w w Historii \u015ar\u00f3dziemia<\/h3>\n\n\n\n<p class=\"wp-block-paragraph\">Elfy odegra\u0142y kluczow\u0105 rol\u0119 we wszystkich trzech erach \u015ar\u00f3dziemia. W <strong>Pierwszej Erze<\/strong>, Noldorowie, pod wodz\u0105 F\u00ebanora i jego syn\u00f3w, powr\u00f3cili do \u015ar\u00f3dziemia, aby odzyska\u0107 <strong>Silmarile<\/strong> od <strong>Morgotha<\/strong>, pierwszego Mrocznego W\u0142adcy. Wojny przeciwko Morgothowi by\u0142y brutalne i zako\u0144czy\u0142y si\u0119 wielkimi stratami dla elf\u00f3w.<\/p>\n\n\n\n<p class=\"wp-block-paragraph\">W <strong>Drugiej Erze<\/strong> elfy odegra\u0142y decyduj\u0105c\u0105 rol\u0119 w tworzeniu i walce z <strong>Pier\u015bcieniami W\u0142adzy<\/strong>. Elfowie z Lindonu, pod wodz\u0105 <strong>Gil-galada<\/strong>, oraz elfowie z Eregionu, na czele z <strong>Celebrimborem<\/strong>, stali si\u0119 ofiarami podst\u0119p\u00f3w Saurona, kt\u00f3ry podarowa\u0142 im wiedz\u0119, jak wykona\u0107 te pot\u0119\u017cne pier\u015bcienie. To elfy zawi\u0105za\u0142y sojusz z lud\u017ami w <strong>Ostatnim Sojuszu<\/strong>, co doprowadzi\u0142o do pokonania Saurona i zniszczenia jego armii w Bitwie na zboczach Orodruiny.<\/p>\n\n\n\n<p class=\"wp-block-paragraph\">W <strong>Trzeciej Erze<\/strong> elfy stopniowo traci\u0142y swoje wp\u0142ywy w \u015ar\u00f3dziemiu. Mimo \u017ce odgrywa\u0142y wa\u017cn\u0105 rol\u0119 w wydarzeniach zwi\u0105zanych z <strong>Wojn\u0105 o Pier\u015bcie\u0144<\/strong>, wi\u0119kszo\u015b\u0107 elf\u00f3w zacz\u0119\u0142a opuszcza\u0107 \u015ar\u00f3dziemie i udawa\u0107 si\u0119 do Valinoru. <strong>Galadriela<\/strong>, <strong>Elrond<\/strong> i <strong>Legolas<\/strong> byli kluczowymi postaciami, kt\u00f3re wspiera\u0142y <strong>Dru\u017cyn\u0119 Pier\u015bcienia<\/strong> i walczy\u0142y przeciwko Sauronowi. Po upadku Saurona, elfy prawie ca\u0142kowicie opu\u015bci\u0142y \u015ar\u00f3dziemie, zabieraj\u0105c ze sob\u0105 swoj\u0105 wiedz\u0119 i magi\u0119.<\/p>\n\n\n\n<p class=\"wp-block-paragraph\">Elfy w \u015ar\u00f3dziemiu s\u0105 nie tylko pi\u0119knymi i majestatycznymi istotami, ale tak\u017ce kluczowymi graczami w kszta\u0142towaniu los\u00f3w tego \u015bwiata. Maj\u0105 bogat\u0105 histori\u0119, zwi\u0105zek z magi\u0105 i przyrod\u0105, a ich wk\u0142ad w dzieje \u015ar\u00f3dziemia pozostaje niezapomniany.<\/p>\n\n\n\n<p class=\"wp-block-paragraph\"><\/p>\n","protected":false},"excerpt":{"rendered":"<p>Elfy: kadr z filmowej trylogi &#8222;W\u0142adca Pier\u015bcieni&#8221; re\u017c.Peter Jackson Elfy to jedne z najwa\u017cniejszych i najbardziej fascynuj\u0105cych ras \u015ar\u00f3dziemia, stworzone przez Eru Il\u00favatara, najwy\u017csz\u0105 istot\u0119 w mitologii J.R.R. Tolkiena. Nazywane s\u0105 tak\u017ce Pierworodnymi (Quendi) ze wzgl\u0119du na fakt, \u017ce by\u0142y pierwsz\u0105 rozumn\u0105 ras\u0105, kt\u00f3ra pojawi\u0142a [&hellip;]<\/p>\n","protected":false},"author":1,"featured_media":0,"comment_status":"open","ping_status":"open","sticky":false,"template":"","format":"standard","meta":{"om_disable_all_campaigns":false,"_monsterinsights_skip_tracking":false,"_uf_show_specific_survey":0,"_uf_disable_surveys":false,"ngg_post_thumbnail":0,"footnotes":""},"categories":[19],"tags":[8,25,48,53,66,69],"class_list":["post-119","post","type-post","status-publish","format-standard","hentry","category-istoty-srodziemia","tag-srodziemie","tag-wladca-pierscieni","tag-silmarilion","tag-elfy","tag-tolkien","tag-skarbiec-srodziemia"],"aioseo_notices":[],"aioseo_head":"\n\t\t<!-- All in One SEO 5.0.1.1 - aioseo.com -->\n\t<meta name=\"description\" content=\"Elfy: kadr z filmowej trylogi &quot;W\u0142adca Pier\u015bcieni&quot; re\u017c.Peter Jackson Elfy to jedne z najwa\u017cniejszych i najbardziej fascynuj\u0105cych ras \u015ar\u00f3dziemia, stworzone przez Eru Il\u00favatara, najwy\u017csz\u0105 istot\u0119 w mitologii J.R.R. Tolkiena. Nazywane s\u0105 tak\u017ce Pierworodnymi (Quendi) ze wzgl\u0119du na fakt, \u017ce by\u0142y pierwsz\u0105 rozumn\u0105 ras\u0105, kt\u00f3ra pojawi\u0142a si\u0119 na \u015bwiecie. Maj\u0105 d\u0142ug\u0105 i z\u0142o\u017con\u0105 histori\u0119, od narodzin\" \/>\n\t<meta name=\"robots\" content=\"max-image-preview:large\" \/>\n\t<meta name=\"author\" content=\"middleearthvault\"\/>\n\t<meta name=\"google-site-verification\" content=\"jPBxND4Q7l0sMkAWmLMXQVbJwfFsWtqJwIeDuA6TPcQ\" \/>\n\t<link rel=\"canonical\" href=\"https:\/\/middleearthvault.com\/?p=119\" \/>\n\t<meta name=\"generator\" content=\"All in One SEO (AIOSEO) 5.0.1.1\" \/>\n\t\t<meta property=\"og:locale\" content=\"pl_PL\" \/>\n\t\t<meta property=\"og:site_name\" content=\"Skarbiec \u015ar\u00f3dziemia - Fanowska strona po\u015bwi\u0119cona tw\u00f3rczo\u015bci Tolkiena\" \/>\n\t\t<meta property=\"og:type\" content=\"article\" \/>\n\t\t<meta property=\"og:title\" content=\"Elfy - Skarbiec \u015ar\u00f3dziemia\" \/>\n\t\t<meta property=\"og:description\" content=\"Elfy: kadr z filmowej trylogi &quot;W\u0142adca Pier\u015bcieni&quot; re\u017c.Peter Jackson Elfy to jedne z najwa\u017cniejszych i najbardziej fascynuj\u0105cych ras \u015ar\u00f3dziemia, stworzone przez Eru Il\u00favatara, najwy\u017csz\u0105 istot\u0119 w mitologii J.R.R. Tolkiena. Nazywane s\u0105 tak\u017ce Pierworodnymi (Quendi) ze wzgl\u0119du na fakt, \u017ce by\u0142y pierwsz\u0105 rozumn\u0105 ras\u0105, kt\u00f3ra pojawi\u0142a si\u0119 na \u015bwiecie. Maj\u0105 d\u0142ug\u0105 i z\u0142o\u017con\u0105 histori\u0119, od narodzin\" \/>\n\t\t<meta property=\"og:url\" content=\"https:\/\/middleearthvault.com\/?p=119\" \/>\n\t\t<meta property=\"article:published_time\" content=\"2024-09-12T13:24:50+00:00\" \/>\n\t\t<meta property=\"article:modified_time\" content=\"2025-01-09T12:43:11+00:00\" \/>\n\t\t<meta name=\"twitter:card\" content=\"summary_large_image\" \/>\n\t\t<meta name=\"twitter:title\" content=\"Elfy - Skarbiec \u015ar\u00f3dziemia\" \/>\n\t\t<meta name=\"twitter:description\" content=\"Elfy: kadr z filmowej trylogi &quot;W\u0142adca Pier\u015bcieni&quot; re\u017c.Peter Jackson Elfy to jedne z najwa\u017cniejszych i najbardziej fascynuj\u0105cych ras \u015ar\u00f3dziemia, stworzone przez Eru Il\u00favatara, najwy\u017csz\u0105 istot\u0119 w mitologii J.R.R. Tolkiena. Nazywane s\u0105 tak\u017ce Pierworodnymi (Quendi) ze wzgl\u0119du na fakt, \u017ce by\u0142y pierwsz\u0105 rozumn\u0105 ras\u0105, kt\u00f3ra pojawi\u0142a si\u0119 na \u015bwiecie. Maj\u0105 d\u0142ug\u0105 i z\u0142o\u017con\u0105 histori\u0119, od narodzin\" \/>\n\t\t<script type=\"application\/ld+json\" class=\"aioseo-schema\">\n\t\t\t{\"@context\":\"https:\\\/\\\/schema.org\",\"@graph\":[{\"@type\":\"BlogPosting\",\"@id\":\"https:\\\/\\\/middleearthvault.com\\\/?p=119#blogposting\",\"name\":\"Elfy - Skarbiec \\u015ar\\u00f3dziemia\",\"headline\":\"Elfy\",\"author\":{\"@id\":\"https:\\\/\\\/middleearthvault.com\\\/?author=1#author\"},\"publisher\":{\"@id\":\"https:\\\/\\\/middleearthvault.com\\\/#organization\"},\"image\":{\"@type\":\"ImageObject\",\"url\":\"https:\\\/\\\/middleearthvault.com\\\/wp-content\\\/uploads\\\/2024\\\/09\\\/Elves_leaving_Middle-earth.webp\",\"@id\":\"https:\\\/\\\/middleearthvault.com\\\/?p=119\\\/#articleImage\",\"width\":996,\"height\":646},\"datePublished\":\"2024-09-12T15:24:50+02:00\",\"dateModified\":\"2025-01-09T13:43:11+01:00\",\"inLanguage\":\"pl-PL\",\"commentCount\":1,\"mainEntityOfPage\":{\"@id\":\"https:\\\/\\\/middleearthvault.com\\\/?p=119#webpage\"},\"isPartOf\":{\"@id\":\"https:\\\/\\\/middleearthvault.com\\\/?p=119#webpage\"},\"articleSection\":\"Istoty \\u015ar\\u00f3dziemia, \\u015ar\\u00f3dziemie, W\\u0142adca Pier\\u015bcieni, Silmarilion, Elfy, Tolkien, Skarbiec \\u015ar\\u00f3dziemia\"},{\"@type\":\"BreadcrumbList\",\"@id\":\"https:\\\/\\\/middleearthvault.com\\\/?p=119#breadcrumblist\",\"itemListElement\":[{\"@type\":\"ListItem\",\"@id\":\"https:\\\/\\\/middleearthvault.com#listItem\",\"position\":1,\"name\":\"Home\",\"item\":\"https:\\\/\\\/middleearthvault.com\",\"nextItem\":{\"@type\":\"ListItem\",\"@id\":\"https:\\\/\\\/middleearthvault.com\\\/?cat=19#listItem\",\"name\":\"Istoty \\u015ar\\u00f3dziemia\"}},{\"@type\":\"ListItem\",\"@id\":\"https:\\\/\\\/middleearthvault.com\\\/?cat=19#listItem\",\"position\":2,\"name\":\"Istoty \\u015ar\\u00f3dziemia\",\"item\":\"https:\\\/\\\/middleearthvault.com\\\/?cat=19\",\"nextItem\":{\"@type\":\"ListItem\",\"@id\":\"https:\\\/\\\/middleearthvault.com\\\/?p=119#listItem\",\"name\":\"Elfy\"},\"previousItem\":{\"@type\":\"ListItem\",\"@id\":\"https:\\\/\\\/middleearthvault.com#listItem\",\"name\":\"Home\"}},{\"@type\":\"ListItem\",\"@id\":\"https:\\\/\\\/middleearthvault.com\\\/?p=119#listItem\",\"position\":3,\"name\":\"Elfy\",\"previousItem\":{\"@type\":\"ListItem\",\"@id\":\"https:\\\/\\\/middleearthvault.com\\\/?cat=19#listItem\",\"name\":\"Istoty \\u015ar\\u00f3dziemia\"}}]},{\"@type\":\"Organization\",\"@id\":\"https:\\\/\\\/middleearthvault.com\\\/#organization\",\"name\":\"Skarbiec \\u015ar\\u00f3dziemia\",\"description\":\"Fanowska strona po\\u015bwi\\u0119cona tw\\u00f3rczo\\u015bci Tolkiena\",\"url\":\"https:\\\/\\\/middleearthvault.com\\\/\"},{\"@type\":\"Person\",\"@id\":\"https:\\\/\\\/middleearthvault.com\\\/?author=1#author\",\"url\":\"https:\\\/\\\/middleearthvault.com\\\/?author=1\",\"name\":\"middleearthvault\",\"image\":{\"@type\":\"ImageObject\",\"@id\":\"https:\\\/\\\/middleearthvault.com\\\/?p=119#authorImage\",\"url\":\"https:\\\/\\\/secure.gravatar.com\\\/avatar\\\/00e673854e68f34ea2590caa891bb1400ab179c49e391d5b5eb7c169026173f4?s=96&d=mm&r=g\",\"width\":96,\"height\":96,\"caption\":\"middleearthvault\"}},{\"@type\":\"WebPage\",\"@id\":\"https:\\\/\\\/middleearthvault.com\\\/?p=119#webpage\",\"url\":\"https:\\\/\\\/middleearthvault.com\\\/?p=119\",\"name\":\"Elfy - Skarbiec \\u015ar\\u00f3dziemia\",\"description\":\"Elfy: kadr z filmowej trylogi \\\"W\\u0142adca Pier\\u015bcieni\\\" re\\u017c.Peter Jackson Elfy to jedne z najwa\\u017cniejszych i najbardziej fascynuj\\u0105cych ras \\u015ar\\u00f3dziemia, stworzone przez Eru Il\\u00favatara, najwy\\u017csz\\u0105 istot\\u0119 w mitologii J.R.R. Tolkiena. Nazywane s\\u0105 tak\\u017ce Pierworodnymi (Quendi) ze wzgl\\u0119du na fakt, \\u017ce by\\u0142y pierwsz\\u0105 rozumn\\u0105 ras\\u0105, kt\\u00f3ra pojawi\\u0142a si\\u0119 na \\u015bwiecie. Maj\\u0105 d\\u0142ug\\u0105 i z\\u0142o\\u017con\\u0105 histori\\u0119, od narodzin\",\"inLanguage\":\"pl-PL\",\"isPartOf\":{\"@id\":\"https:\\\/\\\/middleearthvault.com\\\/#website\"},\"breadcrumb\":{\"@id\":\"https:\\\/\\\/middleearthvault.com\\\/?p=119#breadcrumblist\"},\"author\":{\"@id\":\"https:\\\/\\\/middleearthvault.com\\\/?author=1#author\"},\"creator\":{\"@id\":\"https:\\\/\\\/middleearthvault.com\\\/?author=1#author\"},\"datePublished\":\"2024-09-12T15:24:50+02:00\",\"dateModified\":\"2025-01-09T13:43:11+01:00\"},{\"@type\":\"WebSite\",\"@id\":\"https:\\\/\\\/middleearthvault.com\\\/#website\",\"url\":\"https:\\\/\\\/middleearthvault.com\\\/\",\"name\":\"Skarbiec \\u015ar\\u00f3dziemia\",\"description\":\"Fanowska strona po\\u015bwi\\u0119cona tw\\u00f3rczo\\u015bci Tolkiena\",\"inLanguage\":\"pl-PL\",\"publisher\":{\"@id\":\"https:\\\/\\\/middleearthvault.com\\\/#organization\"}}]}\n\t\t<\/script>\n\t\t<!-- All in One SEO -->\n\n","aioseo_head_json":{"title":"Elfy - Skarbiec \u015ar\u00f3dziemia","description":"Elfy: kadr z filmowej trylogi \"W\u0142adca Pier\u015bcieni\" re\u017c.Peter Jackson Elfy to jedne z najwa\u017cniejszych i najbardziej fascynuj\u0105cych ras \u015ar\u00f3dziemia, stworzone przez Eru Il\u00favatara, najwy\u017csz\u0105 istot\u0119 w mitologii J.R.R. Tolkiena. Nazywane s\u0105 tak\u017ce Pierworodnymi (Quendi) ze wzgl\u0119du na fakt, \u017ce by\u0142y pierwsz\u0105 rozumn\u0105 ras\u0105, kt\u00f3ra pojawi\u0142a si\u0119 na \u015bwiecie. Maj\u0105 d\u0142ug\u0105 i z\u0142o\u017con\u0105 histori\u0119, od narodzin","canonical_url":"https:\/\/middleearthvault.com\/?p=119","robots":"max-image-preview:large","keywords":"","webmasterTools":{"google-site-verification":"jPBxND4Q7l0sMkAWmLMXQVbJwfFsWtqJwIeDuA6TPcQ","miscellaneous":""},"schema":{"@context":"https:\/\/schema.org","@graph":[{"@type":"BlogPosting","@id":"https:\/\/middleearthvault.com\/?p=119#blogposting","name":"Elfy - Skarbiec \u015ar\u00f3dziemia","headline":"Elfy","author":{"@id":"https:\/\/middleearthvault.com\/?author=1#author"},"publisher":{"@id":"https:\/\/middleearthvault.com\/#organization"},"image":{"@type":"ImageObject","url":"https:\/\/middleearthvault.com\/wp-content\/uploads\/2024\/09\/Elves_leaving_Middle-earth.webp","@id":"https:\/\/middleearthvault.com\/?p=119\/#articleImage","width":996,"height":646},"datePublished":"2024-09-12T15:24:50+02:00","dateModified":"2025-01-09T13:43:11+01:00","inLanguage":"pl-PL","commentCount":1,"mainEntityOfPage":{"@id":"https:\/\/middleearthvault.com\/?p=119#webpage"},"isPartOf":{"@id":"https:\/\/middleearthvault.com\/?p=119#webpage"},"articleSection":"Istoty \u015ar\u00f3dziemia, \u015ar\u00f3dziemie, W\u0142adca Pier\u015bcieni, Silmarilion, Elfy, Tolkien, Skarbiec \u015ar\u00f3dziemia"},{"@type":"BreadcrumbList","@id":"https:\/\/middleearthvault.com\/?p=119#breadcrumblist","itemListElement":[{"@type":"ListItem","@id":"https:\/\/middleearthvault.com#listItem","position":1,"name":"Home","item":"https:\/\/middleearthvault.com","nextItem":{"@type":"ListItem","@id":"https:\/\/middleearthvault.com\/?cat=19#listItem","name":"Istoty \u015ar\u00f3dziemia"}},{"@type":"ListItem","@id":"https:\/\/middleearthvault.com\/?cat=19#listItem","position":2,"name":"Istoty \u015ar\u00f3dziemia","item":"https:\/\/middleearthvault.com\/?cat=19","nextItem":{"@type":"ListItem","@id":"https:\/\/middleearthvault.com\/?p=119#listItem","name":"Elfy"},"previousItem":{"@type":"ListItem","@id":"https:\/\/middleearthvault.com#listItem","name":"Home"}},{"@type":"ListItem","@id":"https:\/\/middleearthvault.com\/?p=119#listItem","position":3,"name":"Elfy","previousItem":{"@type":"ListItem","@id":"https:\/\/middleearthvault.com\/?cat=19#listItem","name":"Istoty \u015ar\u00f3dziemia"}}]},{"@type":"Organization","@id":"https:\/\/middleearthvault.com\/#organization","name":"Skarbiec \u015ar\u00f3dziemia","description":"Fanowska strona po\u015bwi\u0119cona tw\u00f3rczo\u015bci Tolkiena","url":"https:\/\/middleearthvault.com\/"},{"@type":"Person","@id":"https:\/\/middleearthvault.com\/?author=1#author","url":"https:\/\/middleearthvault.com\/?author=1","name":"middleearthvault","image":{"@type":"ImageObject","@id":"https:\/\/middleearthvault.com\/?p=119#authorImage","url":"https:\/\/secure.gravatar.com\/avatar\/00e673854e68f34ea2590caa891bb1400ab179c49e391d5b5eb7c169026173f4?s=96&d=mm&r=g","width":96,"height":96,"caption":"middleearthvault"}},{"@type":"WebPage","@id":"https:\/\/middleearthvault.com\/?p=119#webpage","url":"https:\/\/middleearthvault.com\/?p=119","name":"Elfy - Skarbiec \u015ar\u00f3dziemia","description":"Elfy: kadr z filmowej trylogi \"W\u0142adca Pier\u015bcieni\" re\u017c.Peter Jackson Elfy to jedne z najwa\u017cniejszych i najbardziej fascynuj\u0105cych ras \u015ar\u00f3dziemia, stworzone przez Eru Il\u00favatara, najwy\u017csz\u0105 istot\u0119 w mitologii J.R.R. Tolkiena. Nazywane s\u0105 tak\u017ce Pierworodnymi (Quendi) ze wzgl\u0119du na fakt, \u017ce by\u0142y pierwsz\u0105 rozumn\u0105 ras\u0105, kt\u00f3ra pojawi\u0142a si\u0119 na \u015bwiecie. Maj\u0105 d\u0142ug\u0105 i z\u0142o\u017con\u0105 histori\u0119, od narodzin","inLanguage":"pl-PL","isPartOf":{"@id":"https:\/\/middleearthvault.com\/#website"},"breadcrumb":{"@id":"https:\/\/middleearthvault.com\/?p=119#breadcrumblist"},"author":{"@id":"https:\/\/middleearthvault.com\/?author=1#author"},"creator":{"@id":"https:\/\/middleearthvault.com\/?author=1#author"},"datePublished":"2024-09-12T15:24:50+02:00","dateModified":"2025-01-09T13:43:11+01:00"},{"@type":"WebSite","@id":"https:\/\/middleearthvault.com\/#website","url":"https:\/\/middleearthvault.com\/","name":"Skarbiec \u015ar\u00f3dziemia","description":"Fanowska strona po\u015bwi\u0119cona tw\u00f3rczo\u015bci Tolkiena","inLanguage":"pl-PL","publisher":{"@id":"https:\/\/middleearthvault.com\/#organization"}}]},"og:locale":"pl_PL","og:site_name":"Skarbiec \u015ar\u00f3dziemia - Fanowska strona po\u015bwi\u0119cona tw\u00f3rczo\u015bci Tolkiena","og:type":"article","og:title":"Elfy - Skarbiec \u015ar\u00f3dziemia","og:description":"Elfy: kadr z filmowej trylogi &quot;W\u0142adca Pier\u015bcieni&quot; re\u017c.Peter Jackson Elfy to jedne z najwa\u017cniejszych i najbardziej fascynuj\u0105cych ras \u015ar\u00f3dziemia, stworzone przez Eru Il\u00favatara, najwy\u017csz\u0105 istot\u0119 w mitologii J.R.R. Tolkiena. Nazywane s\u0105 tak\u017ce Pierworodnymi (Quendi) ze wzgl\u0119du na fakt, \u017ce by\u0142y pierwsz\u0105 rozumn\u0105 ras\u0105, kt\u00f3ra pojawi\u0142a si\u0119 na \u015bwiecie. Maj\u0105 d\u0142ug\u0105 i z\u0142o\u017con\u0105 histori\u0119, od narodzin","og:url":"https:\/\/middleearthvault.com\/?p=119","article:published_time":"2024-09-12T13:24:50+00:00","article:modified_time":"2025-01-09T12:43:11+00:00","twitter:card":"summary_large_image","twitter:title":"Elfy - Skarbiec \u015ar\u00f3dziemia","twitter:description":"Elfy: kadr z filmowej trylogi &quot;W\u0142adca Pier\u015bcieni&quot; re\u017c.Peter Jackson Elfy to jedne z najwa\u017cniejszych i najbardziej fascynuj\u0105cych ras \u015ar\u00f3dziemia, stworzone przez Eru Il\u00favatara, najwy\u017csz\u0105 istot\u0119 w mitologii J.R.R. Tolkiena. Nazywane s\u0105 tak\u017ce Pierworodnymi (Quendi) ze wzgl\u0119du na fakt, \u017ce by\u0142y pierwsz\u0105 rozumn\u0105 ras\u0105, kt\u00f3ra pojawi\u0142a si\u0119 na \u015bwiecie. Maj\u0105 d\u0142ug\u0105 i z\u0142o\u017con\u0105 histori\u0119, od narodzin"},"aioseo_meta_data":{"post_id":"119","title":null,"description":null,"keywords":null,"keyphrases":{"focus":{"keyphrase":"Elfy","score":76,"analysis":{"keyphraseInTitle":{"score":9,"maxScore":9,"error":0},"keyphraseInDescription":{"score":9,"maxScore":9,"error":0},"keyphraseLength":{"score":9,"maxScore":9,"error":0,"length":1},"keyphraseInURL":{"score":1,"maxScore":5,"error":1},"keyphraseInIntroduction":{"score":9,"maxScore":9,"error":0},"keyphraseInSubHeadings":{"score":3,"maxScore":9,"error":1},"keyphraseInImageAlt":{"score":3,"maxScore":9,"error":1},"keywordDensity":{"type":"best","score":9,"maxScore":9,"error":0}}},"additional":[]},"primary_term":null,"canonical_url":null,"og_title":null,"og_description":null,"og_object_type":"default","og_image_type":"default","og_image_url":null,"og_image_width":null,"og_image_height":null,"og_image_custom_url":null,"og_image_custom_fields":null,"og_video":"","og_custom_url":null,"og_article_section":null,"og_article_tags":null,"twitter_use_og":false,"twitter_card":"default","twitter_image_type":"default","twitter_image_url":null,"twitter_image_custom_url":null,"twitter_image_custom_fields":null,"twitter_title":null,"twitter_description":null,"schema":{"blockGraphs":[],"customGraphs":[],"default":{"data":{"Article":[],"Course":[],"Dataset":[],"FAQPage":[],"Movie":[],"Person":[],"Product":[],"ProductReview":[],"Car":[],"Recipe":[],"Service":[],"SoftwareApplication":[],"WebPage":[]},"graphName":"BlogPosting","isEnabled":true},"graphs":[]},"schema_type":"default","schema_type_options":null,"pillar_content":false,"robots_default":true,"robots_noindex":false,"robots_noarchive":false,"robots_nosnippet":false,"robots_nofollow":false,"robots_noimageindex":false,"robots_noodp":false,"robots_notranslate":false,"robots_max_snippet":"-1","robots_max_videopreview":"-1","robots_max_imagepreview":"large","priority":null,"frequency":"default","local_seo":null,"breadcrumb_settings":null,"limit_modified_date":false,"ai":null,"created":"2024-10-11 13:36:58","updated":"2025-06-03 19:57:38","seo_analyzer_scan_date":null,"focus_keyword":"Elfy","additional_keywords":null,"truseo_locale":null},"aioseo_breadcrumb":"<div class=\"aioseo-breadcrumbs\"><span class=\"aioseo-breadcrumb\">\n\t\t\t<a href=\"https:\/\/middleearthvault.com\" title=\"Home\">Home<\/a>\n\t\t<\/span><span class=\"aioseo-breadcrumb-separator\">&raquo;<\/span><span class=\"aioseo-breadcrumb\">\n\t\t\t<a href=\"https:\/\/middleearthvault.com\/?cat=19\" title=\"Istoty \u015ar\u00f3dziemia\">Istoty \u015ar\u00f3dziemia<\/a>\n\t\t<\/span><span class=\"aioseo-breadcrumb-separator\">&raquo;<\/span><span class=\"aioseo-breadcrumb\">\n\t\t\tElfy\n\t\t<\/span><\/div>","aioseo_breadcrumb_json":[{"label":"Home","link":"https:\/\/middleearthvault.com"},{"label":"Istoty \u015ar\u00f3dziemia","link":"https:\/\/middleearthvault.com\/?cat=19"},{"label":"Elfy","link":"https:\/\/middleearthvault.com\/?p=119"}],"yoast_head":"<!-- This site is optimized with the Yoast SEO plugin v28.4 - https:\/\/yoast.com\/product\/yoast-seo-wordpress\/ -->\n<title>Elfy - Skarbiec \u015ar\u00f3dziemia<\/title>\n<meta name=\"description\" content=\"Elfy to jedne z najwa\u017cniejszych i najbardziej fascynuj\u0105cych ras \u015ar\u00f3dziemia, stworzone przez Eru Il\u00favatara, najwy\u017csz\u0105 istot\u0119 w mitologii J.R.R. Tolkiena. Nazywane s\u0105 tak\u017ce Pierworodnymi (Quendi) ze wzgl\u0119du na fakt, \u017ce by\u0142y pierwsz\u0105 rozumn\u0105 ras\u0105, kt\u00f3ra pojawi\u0142a si\u0119 na \u015bwiecie. Maj\u0105 d\u0142ug\u0105 i z\u0142o\u017con\u0105 histori\u0119, od narodzin w Cuivi\u00e9nen a\u017c po ich wp\u0142yw na wydarzenia w Trzeciej Erze. W przeciwie\u0144stwie do ludzi, elfy s\u0105 nie\u015bmiertelne \u2013 mog\u0105 umrze\u0107 w wyniku ran lub smutku, ale nie starzej\u0105 si\u0119, co sprawia, \u017ce s\u0105 niezwykle majestatycznymi, pot\u0119\u017cnymi i tajemniczymi istotami.\" \/>\n<meta name=\"robots\" content=\"index, follow, max-snippet:-1, max-image-preview:large, max-video-preview:-1\" \/>\n<link rel=\"canonical\" href=\"https:\/\/middleearthvault.com\/?p=119\" \/>\n<meta property=\"og:locale\" content=\"pl_PL\" \/>\n<meta property=\"og:type\" content=\"article\" \/>\n<meta property=\"og:title\" content=\"Elfy - Skarbiec \u015ar\u00f3dziemia\" \/>\n<meta property=\"og:description\" content=\"Elfy to jedne z najwa\u017cniejszych i najbardziej fascynuj\u0105cych ras \u015ar\u00f3dziemia, stworzone przez Eru Il\u00favatara, najwy\u017csz\u0105 istot\u0119 w mitologii J.R.R. Tolkiena. Nazywane s\u0105 tak\u017ce Pierworodnymi (Quendi) ze wzgl\u0119du na fakt, \u017ce by\u0142y pierwsz\u0105 rozumn\u0105 ras\u0105, kt\u00f3ra pojawi\u0142a si\u0119 na \u015bwiecie. Maj\u0105 d\u0142ug\u0105 i z\u0142o\u017con\u0105 histori\u0119, od narodzin w Cuivi\u00e9nen a\u017c po ich wp\u0142yw na wydarzenia w Trzeciej Erze. W przeciwie\u0144stwie do ludzi, elfy s\u0105 nie\u015bmiertelne \u2013 mog\u0105 umrze\u0107 w wyniku ran lub smutku, ale nie starzej\u0105 si\u0119, co sprawia, \u017ce s\u0105 niezwykle majestatycznymi, pot\u0119\u017cnymi i tajemniczymi istotami.\" \/>\n<meta property=\"og:url\" content=\"https:\/\/middleearthvault.com\/?p=119\" \/>\n<meta property=\"og:site_name\" content=\"Skarbiec \u015ar\u00f3dziemia\" \/>\n<meta property=\"article:published_time\" content=\"2024-09-12T13:24:50+00:00\" \/>\n<meta property=\"article:modified_time\" content=\"2025-01-09T12:43:11+00:00\" \/>\n<meta property=\"og:image\" content=\"https:\/\/middleearthvault.com\/wp-content\/uploads\/2024\/09\/Elves_leaving_Middle-earth.webp\" \/>\n<meta name=\"author\" content=\"middleearthvault\" \/>\n<meta name=\"twitter:card\" content=\"summary_large_image\" \/>\n<meta name=\"twitter:label1\" content=\"Napisane przez\" \/>\n\t<meta name=\"twitter:data1\" content=\"middleearthvault\" \/>\n\t<meta name=\"twitter:label2\" content=\"Szacowany czas czytania\" \/>\n\t<meta name=\"twitter:data2\" content=\"1 minuta\" \/>\n<script type=\"application\/ld+json\" class=\"yoast-schema-graph\">{\"@context\":\"https:\\\/\\\/schema.org\",\"@graph\":[{\"@type\":\"Article\",\"@id\":\"https:\\\/\\\/middleearthvault.com\\\/?p=119#article\",\"isPartOf\":{\"@id\":\"https:\\\/\\\/middleearthvault.com\\\/?p=119\"},\"author\":{\"name\":\"middleearthvault\",\"@id\":\"http:\\\/\\\/middleearthvault.com\\\/#\\\/schema\\\/person\\\/ed8f515b7be8778d9b13260a347727aa\"},\"headline\":\"Elfy\",\"datePublished\":\"2024-09-12T13:24:50+00:00\",\"dateModified\":\"2025-01-09T12:43:11+00:00\",\"mainEntityOfPage\":{\"@id\":\"https:\\\/\\\/middleearthvault.com\\\/?p=119\"},\"wordCount\":1116,\"commentCount\":1,\"image\":{\"@id\":\"https:\\\/\\\/middleearthvault.com\\\/?p=119#primaryimage\"},\"thumbnailUrl\":\"http:\\\/\\\/middleearthvault.com\\\/wp-content\\\/uploads\\\/2024\\\/09\\\/Elves_leaving_Middle-earth.webp\",\"keywords\":[\"\u015ar\u00f3dziemie\",\"W\u0142adca Pier\u015bcieni\",\"Silmarilion\",\"Elfy\",\"Tolkien\",\"Skarbiec \u015ar\u00f3dziemia\"],\"articleSection\":[\"Istoty \u015ar\u00f3dziemia\"],\"inLanguage\":\"pl-PL\",\"potentialAction\":[{\"@type\":\"CommentAction\",\"name\":\"Comment\",\"target\":[\"https:\\\/\\\/middleearthvault.com\\\/?p=119#respond\"]}]},{\"@type\":\"WebPage\",\"@id\":\"https:\\\/\\\/middleearthvault.com\\\/?p=119\",\"url\":\"https:\\\/\\\/middleearthvault.com\\\/?p=119\",\"name\":\"Elfy - Skarbiec \u015ar\u00f3dziemia\",\"isPartOf\":{\"@id\":\"http:\\\/\\\/middleearthvault.com\\\/#website\"},\"primaryImageOfPage\":{\"@id\":\"https:\\\/\\\/middleearthvault.com\\\/?p=119#primaryimage\"},\"image\":{\"@id\":\"https:\\\/\\\/middleearthvault.com\\\/?p=119#primaryimage\"},\"thumbnailUrl\":\"http:\\\/\\\/middleearthvault.com\\\/wp-content\\\/uploads\\\/2024\\\/09\\\/Elves_leaving_Middle-earth.webp\",\"datePublished\":\"2024-09-12T13:24:50+00:00\",\"dateModified\":\"2025-01-09T12:43:11+00:00\",\"author\":{\"@id\":\"http:\\\/\\\/middleearthvault.com\\\/#\\\/schema\\\/person\\\/ed8f515b7be8778d9b13260a347727aa\"},\"description\":\"Elfy to jedne z najwa\u017cniejszych i najbardziej fascynuj\u0105cych ras \u015ar\u00f3dziemia, stworzone przez Eru Il\u00favatara, najwy\u017csz\u0105 istot\u0119 w mitologii J.R.R. Tolkiena. Nazywane s\u0105 tak\u017ce Pierworodnymi (Quendi) ze wzgl\u0119du na fakt, \u017ce by\u0142y pierwsz\u0105 rozumn\u0105 ras\u0105, kt\u00f3ra pojawi\u0142a si\u0119 na \u015bwiecie. Maj\u0105 d\u0142ug\u0105 i z\u0142o\u017con\u0105 histori\u0119, od narodzin w Cuivi\u00e9nen a\u017c po ich wp\u0142yw na wydarzenia w Trzeciej Erze. W przeciwie\u0144stwie do ludzi, elfy s\u0105 nie\u015bmiertelne \u2013 mog\u0105 umrze\u0107 w wyniku ran lub smutku, ale nie starzej\u0105 si\u0119, co sprawia, \u017ce s\u0105 niezwykle majestatycznymi, pot\u0119\u017cnymi i tajemniczymi istotami.\",\"breadcrumb\":{\"@id\":\"https:\\\/\\\/middleearthvault.com\\\/?p=119#breadcrumb\"},\"inLanguage\":\"pl-PL\",\"potentialAction\":[{\"@type\":\"ReadAction\",\"target\":[\"https:\\\/\\\/middleearthvault.com\\\/?p=119\"]}]},{\"@type\":\"ImageObject\",\"inLanguage\":\"pl-PL\",\"@id\":\"https:\\\/\\\/middleearthvault.com\\\/?p=119#primaryimage\",\"url\":\"https:\\\/\\\/middleearthvault.com\\\/wp-content\\\/uploads\\\/2024\\\/09\\\/Elves_leaving_Middle-earth.webp\",\"contentUrl\":\"https:\\\/\\\/middleearthvault.com\\\/wp-content\\\/uploads\\\/2024\\\/09\\\/Elves_leaving_Middle-earth.webp\",\"width\":996,\"height\":646},{\"@type\":\"BreadcrumbList\",\"@id\":\"https:\\\/\\\/middleearthvault.com\\\/?p=119#breadcrumb\",\"itemListElement\":[{\"@type\":\"ListItem\",\"position\":1,\"name\":\"Home\",\"item\":\"http:\\\/\\\/middleearthvault.com\\\/\"},{\"@type\":\"ListItem\",\"position\":2,\"name\":\"Elfy\"}]},{\"@type\":\"WebSite\",\"@id\":\"http:\\\/\\\/middleearthvault.com\\\/#website\",\"url\":\"http:\\\/\\\/middleearthvault.com\\\/\",\"name\":\"Skarbiec \u015ar\u00f3dziemia\",\"description\":\"Fanowska strona po\u015bwi\u0119cona tw\u00f3rczo\u015bci Tolkiena\",\"potentialAction\":[{\"@type\":\"SearchAction\",\"target\":{\"@type\":\"EntryPoint\",\"urlTemplate\":\"http:\\\/\\\/middleearthvault.com\\\/?s={search_term_string}\"},\"query-input\":{\"@type\":\"PropertyValueSpecification\",\"valueRequired\":true,\"valueName\":\"search_term_string\"}}],\"inLanguage\":\"pl-PL\"},{\"@type\":\"Person\",\"@id\":\"http:\\\/\\\/middleearthvault.com\\\/#\\\/schema\\\/person\\\/ed8f515b7be8778d9b13260a347727aa\",\"name\":\"middleearthvault\",\"image\":{\"@type\":\"ImageObject\",\"inLanguage\":\"pl-PL\",\"@id\":\"https:\\\/\\\/secure.gravatar.com\\\/avatar\\\/00e673854e68f34ea2590caa891bb1400ab179c49e391d5b5eb7c169026173f4?s=96&d=mm&r=g\",\"url\":\"https:\\\/\\\/secure.gravatar.com\\\/avatar\\\/00e673854e68f34ea2590caa891bb1400ab179c49e391d5b5eb7c169026173f4?s=96&d=mm&r=g\",\"contentUrl\":\"https:\\\/\\\/secure.gravatar.com\\\/avatar\\\/00e673854e68f34ea2590caa891bb1400ab179c49e391d5b5eb7c169026173f4?s=96&d=mm&r=g\",\"caption\":\"middleearthvault\"},\"sameAs\":[\"http:\\\/\\\/middleearthvault.com\"],\"url\":\"https:\\\/\\\/middleearthvault.com\\\/?author=1\"}]}<\/script>\n<!-- \/ Yoast SEO plugin. -->","yoast_head_json":{"title":"Elfy - Skarbiec \u015ar\u00f3dziemia","description":"Elfy to jedne z najwa\u017cniejszych i najbardziej fascynuj\u0105cych ras \u015ar\u00f3dziemia, stworzone przez Eru Il\u00favatara, najwy\u017csz\u0105 istot\u0119 w mitologii J.R.R. Tolkiena. Nazywane s\u0105 tak\u017ce Pierworodnymi (Quendi) ze wzgl\u0119du na fakt, \u017ce by\u0142y pierwsz\u0105 rozumn\u0105 ras\u0105, kt\u00f3ra pojawi\u0142a si\u0119 na \u015bwiecie. Maj\u0105 d\u0142ug\u0105 i z\u0142o\u017con\u0105 histori\u0119, od narodzin w Cuivi\u00e9nen a\u017c po ich wp\u0142yw na wydarzenia w Trzeciej Erze. W przeciwie\u0144stwie do ludzi, elfy s\u0105 nie\u015bmiertelne \u2013 mog\u0105 umrze\u0107 w wyniku ran lub smutku, ale nie starzej\u0105 si\u0119, co sprawia, \u017ce s\u0105 niezwykle majestatycznymi, pot\u0119\u017cnymi i tajemniczymi istotami.","robots":{"index":"index","follow":"follow","max-snippet":"max-snippet:-1","max-image-preview":"max-image-preview:large","max-video-preview":"max-video-preview:-1"},"canonical":"https:\/\/middleearthvault.com\/?p=119","og_locale":"pl_PL","og_type":"article","og_title":"Elfy - Skarbiec \u015ar\u00f3dziemia","og_description":"Elfy to jedne z najwa\u017cniejszych i najbardziej fascynuj\u0105cych ras \u015ar\u00f3dziemia, stworzone przez Eru Il\u00favatara, najwy\u017csz\u0105 istot\u0119 w mitologii J.R.R. Tolkiena. Nazywane s\u0105 tak\u017ce Pierworodnymi (Quendi) ze wzgl\u0119du na fakt, \u017ce by\u0142y pierwsz\u0105 rozumn\u0105 ras\u0105, kt\u00f3ra pojawi\u0142a si\u0119 na \u015bwiecie. Maj\u0105 d\u0142ug\u0105 i z\u0142o\u017con\u0105 histori\u0119, od narodzin w Cuivi\u00e9nen a\u017c po ich wp\u0142yw na wydarzenia w Trzeciej Erze. W przeciwie\u0144stwie do ludzi, elfy s\u0105 nie\u015bmiertelne \u2013 mog\u0105 umrze\u0107 w wyniku ran lub smutku, ale nie starzej\u0105 si\u0119, co sprawia, \u017ce s\u0105 niezwykle majestatycznymi, pot\u0119\u017cnymi i tajemniczymi istotami.","og_url":"https:\/\/middleearthvault.com\/?p=119","og_site_name":"Skarbiec \u015ar\u00f3dziemia","article_published_time":"2024-09-12T13:24:50+00:00","article_modified_time":"2025-01-09T12:43:11+00:00","og_image":[{"url":"https:\/\/middleearthvault.com\/wp-content\/uploads\/2024\/09\/Elves_leaving_Middle-earth.webp","type":"","width":"","height":""}],"author":"middleearthvault","twitter_card":"summary_large_image","twitter_misc":{"Napisane przez":"middleearthvault","Szacowany czas czytania":"1 minuta"},"schema":{"@context":"https:\/\/schema.org","@graph":[{"@type":"Article","@id":"https:\/\/middleearthvault.com\/?p=119#article","isPartOf":{"@id":"https:\/\/middleearthvault.com\/?p=119"},"author":{"name":"middleearthvault","@id":"https:\/\/middleearthvault.com\/#\/schema\/person\/ed8f515b7be8778d9b13260a347727aa"},"headline":"Elfy","datePublished":"2024-09-12T13:24:50+00:00","dateModified":"2025-01-09T12:43:11+00:00","mainEntityOfPage":{"@id":"https:\/\/middleearthvault.com\/?p=119"},"wordCount":1116,"commentCount":1,"image":{"@id":"https:\/\/middleearthvault.com\/?p=119#primaryimage"},"thumbnailUrl":"https:\/\/middleearthvault.com\/wp-content\/uploads\/2024\/09\/Elves_leaving_Middle-earth.webp","keywords":["\u015ar\u00f3dziemie","W\u0142adca Pier\u015bcieni","Silmarilion","Elfy","Tolkien","Skarbiec \u015ar\u00f3dziemia"],"articleSection":["Istoty \u015ar\u00f3dziemia"],"inLanguage":"pl-PL","potentialAction":[{"@type":"CommentAction","name":"Comment","target":["https:\/\/middleearthvault.com\/?p=119#respond"]}]},{"@type":"WebPage","@id":"https:\/\/middleearthvault.com\/?p=119","url":"https:\/\/middleearthvault.com\/?p=119","name":"Elfy - Skarbiec \u015ar\u00f3dziemia","isPartOf":{"@id":"https:\/\/middleearthvault.com\/#website"},"primaryImageOfPage":{"@id":"https:\/\/middleearthvault.com\/?p=119#primaryimage"},"image":{"@id":"https:\/\/middleearthvault.com\/?p=119#primaryimage"},"thumbnailUrl":"https:\/\/middleearthvault.com\/wp-content\/uploads\/2024\/09\/Elves_leaving_Middle-earth.webp","datePublished":"2024-09-12T13:24:50+00:00","dateModified":"2025-01-09T12:43:11+00:00","author":{"@id":"https:\/\/middleearthvault.com\/#\/schema\/person\/ed8f515b7be8778d9b13260a347727aa"},"description":"Elfy to jedne z najwa\u017cniejszych i najbardziej fascynuj\u0105cych ras \u015ar\u00f3dziemia, stworzone przez Eru Il\u00favatara, najwy\u017csz\u0105 istot\u0119 w mitologii J.R.R. Tolkiena. Nazywane s\u0105 tak\u017ce Pierworodnymi (Quendi) ze wzgl\u0119du na fakt, \u017ce by\u0142y pierwsz\u0105 rozumn\u0105 ras\u0105, kt\u00f3ra pojawi\u0142a si\u0119 na \u015bwiecie. Maj\u0105 d\u0142ug\u0105 i z\u0142o\u017con\u0105 histori\u0119, od narodzin w Cuivi\u00e9nen a\u017c po ich wp\u0142yw na wydarzenia w Trzeciej Erze. W przeciwie\u0144stwie do ludzi, elfy s\u0105 nie\u015bmiertelne \u2013 mog\u0105 umrze\u0107 w wyniku ran lub smutku, ale nie starzej\u0105 si\u0119, co sprawia, \u017ce s\u0105 niezwykle majestatycznymi, pot\u0119\u017cnymi i tajemniczymi istotami.","breadcrumb":{"@id":"https:\/\/middleearthvault.com\/?p=119#breadcrumb"},"inLanguage":"pl-PL","potentialAction":[{"@type":"ReadAction","target":["https:\/\/middleearthvault.com\/?p=119"]}]},{"@type":"ImageObject","inLanguage":"pl-PL","@id":"https:\/\/middleearthvault.com\/?p=119#primaryimage","url":"https:\/\/middleearthvault.com\/wp-content\/uploads\/2024\/09\/Elves_leaving_Middle-earth.webp","contentUrl":"https:\/\/middleearthvault.com\/wp-content\/uploads\/2024\/09\/Elves_leaving_Middle-earth.webp","width":996,"height":646},{"@type":"BreadcrumbList","@id":"https:\/\/middleearthvault.com\/?p=119#breadcrumb","itemListElement":[{"@type":"ListItem","position":1,"name":"Home","item":"https:\/\/middleearthvault.com\/"},{"@type":"ListItem","position":2,"name":"Elfy"}]},{"@type":"WebSite","@id":"https:\/\/middleearthvault.com\/#website","url":"https:\/\/middleearthvault.com\/","name":"Skarbiec \u015ar\u00f3dziemia","description":"Fanowska strona po\u015bwi\u0119cona tw\u00f3rczo\u015bci Tolkiena","potentialAction":[{"@type":"SearchAction","target":{"@type":"EntryPoint","urlTemplate":"https:\/\/middleearthvault.com\/?s={search_term_string}"},"query-input":{"@type":"PropertyValueSpecification","valueRequired":true,"valueName":"search_term_string"}}],"inLanguage":"pl-PL"},{"@type":"Person","@id":"https:\/\/middleearthvault.com\/#\/schema\/person\/ed8f515b7be8778d9b13260a347727aa","name":"middleearthvault","image":{"@type":"ImageObject","inLanguage":"pl-PL","@id":"https:\/\/secure.gravatar.com\/avatar\/00e673854e68f34ea2590caa891bb1400ab179c49e391d5b5eb7c169026173f4?s=96&d=mm&r=g","url":"https:\/\/secure.gravatar.com\/avatar\/00e673854e68f34ea2590caa891bb1400ab179c49e391d5b5eb7c169026173f4?s=96&d=mm&r=g","contentUrl":"https:\/\/secure.gravatar.com\/avatar\/00e673854e68f34ea2590caa891bb1400ab179c49e391d5b5eb7c169026173f4?s=96&d=mm&r=g","caption":"middleearthvault"},"sameAs":["https:\/\/middleearthvault.com"],"url":"https:\/\/middleearthvault.com\/?author=1"}]}},"_links":{"self":[{"href":"https:\/\/middleearthvault.com\/index.php?rest_route=\/wp\/v2\/posts\/119","targetHints":{"allow":["GET"]}}],"collection":[{"href":"https:\/\/middleearthvault.com\/index.php?rest_route=\/wp\/v2\/posts"}],"about":[{"href":"https:\/\/middleearthvault.com\/index.php?rest_route=\/wp\/v2\/types\/post"}],"author":[{"embeddable":true,"href":"https:\/\/middleearthvault.com\/index.php?rest_route=\/wp\/v2\/users\/1"}],"replies":[{"embeddable":true,"href":"https:\/\/middleearthvault.com\/index.php?rest_route=%2Fwp%2Fv2%2Fcomments&post=119"}],"version-history":[{"count":7,"href":"https:\/\/middleearthvault.com\/index.php?rest_route=\/wp\/v2\/posts\/119\/revisions"}],"predecessor-version":[{"id":504,"href":"https:\/\/middleearthvault.com\/index.php?rest_route=\/wp\/v2\/posts\/119\/revisions\/504"}],"wp:attachment":[{"href":"https:\/\/middleearthvault.com\/index.php?rest_route=%2Fwp%2Fv2%2Fmedia&parent=119"}],"wp:term":[{"taxonomy":"category","embeddable":true,"href":"https:\/\/middleearthvault.com\/index.php?rest_route=%2Fwp%2Fv2%2Fcategories&post=119"},{"taxonomy":"post_tag","embeddable":true,"href":"https:\/\/middleearthvault.com\/index.php?rest_route=%2Fwp%2Fv2%2Ftags&post=119"}],"curies":[{"name":"wp","href":"https:\/\/api.w.org\/{rel}","templated":true}]}}